{"id":481,"date":"2008-10-22T15:28:41","date_gmt":"2008-10-22T13:28:41","guid":{"rendered":"http:\/\/www.tragovi.com\/blog\/?p=481"},"modified":"2008-09-18T09:32:05","modified_gmt":"2008-09-18T07:32:05","slug":"kraj","status":"publish","type":"post","link":"https:\/\/www.tragovi.com\/poezija\/2008\/10\/22\/kraj\/","title":{"rendered":"Kraj"},"content":{"rendered":"<p>1.<br \/>\nGle, u pesmi onoj ostao je mladi\u0107!<br \/>\nJe li zna da sam je izmi\u0161ljen k\u2018o gradi\u0107<br \/>\nu kom ga napisah, kao ljubav sva?<\/p>\n<p>I pre jednog trena u njemu beh ja.<br \/>\nJa u svojoj pesmi, zovite je slikom,<br \/>\nu koju me jedna \u010dudna \u017eelja sla:<\/p>\n<p>da se sam upoznam sa knji\u017eevnim likom<br \/>\ni na njenom krilu budem kao san.<br \/>\nKod mene je ljubav njegova i plata<\/p>\n<p>i meni je ona mesto njemu data,<br \/>\njer je njoj od mene onda bio slan.<br \/>\nU njemu me ona vidi kao dan.<\/p>\n<p>2.<br \/>\nOd ve\u010dnosti ona satkana je deva.<br \/>\nOn je hladni Mesec \u0161to o smrti peva.<br \/>\nNjegova je tuga sva na njenom licu<\/p>\n<p>kad mu zagrljajnu spu\u0161ta slu\u0161alicu.<br \/>\nTad on spozna, njome, da postaje ja<br \/>\ni u sobu, krvav, pada nasred tla.<\/p>\n<p>Vidi li svoj san, jo\u0161 u ljubav zguran?<br \/>\nNju, \u0161to moja gleda, \u201eizvan svakog zla\u201c,<br \/>\niznad njega i sad, mislim, prepozna<\/p>\n<p>mene, preko svega: voda i regata<br \/>\ni krovova (jer je moje bi\u0107e Nata),<br \/>\nsred mostova koje dra\u017e vode lomata.<\/p>\n<p>3.<br \/>\nJedna kao Sunce \u0161to je uvek jedno,<br \/>\nOna me jedanput pusti bezizgledno<br \/>\nkad svet ovde stvorih, vru\u0107 u srcu sna.<br \/>\nNe verova da sam to i dalje ja.<br \/>\nI svoje su\u0161tine bi\u0107e mi bi \u017eedno,<br \/>\njer ona je bila da sam budem Jedno&#8230;<\/p>\n<p>4.<br \/>\nAl\u2018 zar Jedno mo\u017ee nekom da se da?<br \/>\nOtuda i ova povest sablasna:<br \/>\nu svoju su\u0161tinu zagledah se \u010dedno,<br \/>\nu meni se sjala, nema kao san&#8230;<br \/>\nTako dugo beh ja u Nju zagledan,<br \/>\ndok ne do\u0111e volja da stvorim \u0161to vredno&#8230;<\/p>\n<p>5.<br \/>\nI time da sebe Njoj \u0107utljivoj dam;<br \/>\nu njoj malo ja da budem nedosledno.<br \/>\nI evo je opet, vi\u0161e nisam sam?<br \/>\nSvaka Njena ruka sad me bliskog hvata,<br \/>\nprepoznajem njena vrata nepovrata,<br \/>\nnebo njenog oka od Sunca i zlata!<\/p>\n<p style=\"text-align: center;\">Ivan Despotovi\u0107<\/p>\n","protected":false},"excerpt":{"rendered":"<p>1. Gle, u pesmi onoj ostao je mladi\u0107! Je li zna da sam je izmi\u0161ljen k\u2018o gradi\u0107 u kom ga napisah, kao ljubav sva? I pre jednog trena u njemu beh ja. Ja u svojoj pesmi, zovite je slikom, u koju me jedna \u010dudna \u017eelja sla: da se sam upoznam sa knji\u017eevnim likom i na &hellip; <a href=\"https:\/\/www.tragovi.com\/poezija\/2008\/10\/22\/kraj\/\" class=\"more-link\">Continue reading <span class=\"screen-reader-text\">Kraj<\/span><\/a><\/p>\n","protected":false},"author":3,"featured_media":0,"comment_status":"open","ping_status":"open","sticky":false,"template":"","format":"standard","meta":[],"categories":[5],"tags":[24],"_links":{"self":[{"href":"https:\/\/www.tragovi.com\/poezija\/wp-json\/wp\/v2\/posts\/481"}],"collection":[{"href":"https:\/\/www.tragovi.com\/poezija\/wp-json\/wp\/v2\/posts"}],"about":[{"href":"https:\/\/www.tragovi.com\/poezija\/wp-json\/wp\/v2\/types\/post"}],"author":[{"embeddable":true,"href":"https:\/\/www.tragovi.com\/poezija\/wp-json\/wp\/v2\/users\/3"}],"replies":[{"embeddable":true,"href":"https:\/\/www.tragovi.com\/poezija\/wp-json\/wp\/v2\/comments?post=481"}],"version-history":[{"count":1,"href":"https:\/\/www.tragovi.com\/poezija\/wp-json\/wp\/v2\/posts\/481\/revisions"}],"predecessor-version":[{"id":482,"href":"https:\/\/www.tragovi.com\/poezija\/wp-json\/wp\/v2\/posts\/481\/revisions\/482"}],"wp:attachment":[{"href":"https:\/\/www.tragovi.com\/poezija\/wp-json\/wp\/v2\/media?parent=481"}],"wp:term":[{"taxonomy":"category","embeddable":true,"href":"https:\/\/www.tragovi.com\/poezija\/wp-json\/wp\/v2\/categories?post=481"},{"taxonomy":"post_tag","embeddable":true,"href":"https:\/\/www.tragovi.com\/poezija\/wp-json\/wp\/v2\/tags?post=481"}],"curies":[{"name":"wp","href":"https:\/\/api.w.org\/{rel}","templated":true}]}}