{"id":155,"date":"2008-11-15T15:15:26","date_gmt":"2008-11-15T13:15:26","guid":{"rendered":"http:\/\/www.tragovi.com\/blog\/?p=155"},"modified":"2008-09-18T08:33:52","modified_gmt":"2008-09-18T06:33:52","slug":"ja-sam-samo-kao","status":"publish","type":"post","link":"https:\/\/www.tragovi.com\/poezija\/2008\/11\/15\/ja-sam-samo-kao\/","title":{"rendered":"Ja sam samo &#8230; kao"},"content":{"rendered":"<p>so u moru.<\/p>\n<p>Bili su to obi\u010dni dani<br \/>\nsivi, sumorni i prazni<br \/>\ni bio je dovoljan jedan dodir<br \/>\nda pokrene lavinu<br \/>\ni da iz druge ko\u017ee izrone<br \/>\nsve la\u017ei i obe\u0107anja<br \/>\nlomovi i padovi<br \/>\npojave i pitanja bez mere<br \/>\nbez daha.<\/p>\n<p>O\u010dajna sam rukama vazduh<br \/>\nsakupljala<br \/>\nu uglu usana izgovarala tvoje ime<br \/>\nu dnu oka gledala slike<br \/>\ngovorila<br \/>\nhodala<br \/>\nostavljala tragove<br \/>\ni sanjala.<\/p>\n<p>\u010cesto nisam znala gde si<br \/>\npostavljala pitanja<br \/>\ni davala odgovore<br \/>\nmolila te da sakrije\u0161 te crne oblake<br \/>\npru\u017eala ti ruke<br \/>\nvolela<br \/>\njako.<\/p>\n<p>Onda sam pala.<br \/>\nI za\u0107utala.<\/p>\n<p>Neka.<\/p>\n<p>Neke slike ne treba da postoje<br \/>\nneke pri\u010de se ne pri\u010daju<br \/>\nneke su misli ja\u010de<br \/>\nsakrivene<br \/>\na neke se ljubavi<br \/>\nprosto ne dese.<\/p>\n<p>Jednom \u0107e<br \/>\nte ljubavi<\/p>\n<p>ispri\u010dati pri\u010du<\/p>\n<p>do kraja.<\/p>\n<p>Ti, samo za\u017emuri i razume\u0107e\u0161.<\/p>\n<p align=\"center\"><strong>Suzana Jana\u010dkovi\u0107 \u017divkovi\u0107<\/strong><\/p>\n","protected":false},"excerpt":{"rendered":"<p>so u moru. Bili su to obi\u010dni dani sivi, sumorni i prazni i bio je dovoljan jedan dodir da pokrene lavinu i da iz druge ko\u017ee izrone sve la\u017ei i obe\u0107anja lomovi i padovi pojave i pitanja bez mere bez daha. O\u010dajna sam rukama vazduh sakupljala u uglu usana izgovarala tvoje ime u dnu oka &hellip; <a href=\"https:\/\/www.tragovi.com\/poezija\/2008\/11\/15\/ja-sam-samo-kao\/\" class=\"more-link\">Continue reading <span class=\"screen-reader-text\">Ja sam samo &#8230; kao<\/span><\/a><\/p>\n","protected":false},"author":3,"featured_media":0,"comment_status":"open","ping_status":"open","sticky":false,"template":"","format":"standard","meta":[],"categories":[5],"tags":[16],"_links":{"self":[{"href":"https:\/\/www.tragovi.com\/poezija\/wp-json\/wp\/v2\/posts\/155"}],"collection":[{"href":"https:\/\/www.tragovi.com\/poezija\/wp-json\/wp\/v2\/posts"}],"about":[{"href":"https:\/\/www.tragovi.com\/poezija\/wp-json\/wp\/v2\/types\/post"}],"author":[{"embeddable":true,"href":"https:\/\/www.tragovi.com\/poezija\/wp-json\/wp\/v2\/users\/3"}],"replies":[{"embeddable":true,"href":"https:\/\/www.tragovi.com\/poezija\/wp-json\/wp\/v2\/comments?post=155"}],"version-history":[{"count":1,"href":"https:\/\/www.tragovi.com\/poezija\/wp-json\/wp\/v2\/posts\/155\/revisions"}],"predecessor-version":[{"id":458,"href":"https:\/\/www.tragovi.com\/poezija\/wp-json\/wp\/v2\/posts\/155\/revisions\/458"}],"wp:attachment":[{"href":"https:\/\/www.tragovi.com\/poezija\/wp-json\/wp\/v2\/media?parent=155"}],"wp:term":[{"taxonomy":"category","embeddable":true,"href":"https:\/\/www.tragovi.com\/poezija\/wp-json\/wp\/v2\/categories?post=155"},{"taxonomy":"post_tag","embeddable":true,"href":"https:\/\/www.tragovi.com\/poezija\/wp-json\/wp\/v2\/tags?post=155"}],"curies":[{"name":"wp","href":"https:\/\/api.w.org\/{rel}","templated":true}]}}