{"id":124,"date":"2008-05-01T18:08:10","date_gmt":"2008-05-01T16:08:10","guid":{"rendered":"http:\/\/www.tragovi.com\/blog\/?p=124"},"modified":"2008-09-02T10:54:22","modified_gmt":"2008-09-02T08:54:22","slug":"primitivno-i-matematika","status":"publish","type":"post","link":"https:\/\/www.tragovi.com\/poezija\/2008\/05\/01\/primitivno-i-matematika\/","title":{"rendered":"Primitivno i matematika"},"content":{"rendered":"<p>\u0160apu\u0107em besmislena pitanja<br \/>\nkad nas ostave same<br \/>\nNajvi\u0161e sebi<br \/>\nSve je ovo ve\u0107 vi\u0111eno, ali nikad ne\u0107e biti<br \/>\nkao tvoja ruka na mojim le\u0111ima<br \/>\nDu\u017einom prstiju meri\u0161 \u010dija je glad ko\u017ee ve\u0107a<br \/>\nPrimitivno i matematika, dragi moj<br \/>\nIzme\u0111u struka i zakrivljenog prostora kukova<br \/>\nle\u017ee potopljena plodna pirin\u010dana polja<br \/>\nTu su, uronjeni u mo\u0161us i monsunske ki\u0161e<br \/>\nmu\u0161ko-\u017eenski ratovi sklapali primirja i ponovo zapo\u010dinjali<br \/>\nVe\u010deras, oru\u017eje se baca preko ivice mog kolena<br \/>\nTu le\u017ei druga ruka, kri\u0161om a nao\u010digled svih<br \/>\nprstiju \u010dvrsto zagrljenih butinama<br \/>\nMogla je po\u0107i navi\u0161e, tim putem su mnogi pro\u0161li<br \/>\nali nije htela<br \/>\nIzme\u0111u tvoje dve ruke ja govorim sve ti\u0161e<br \/>\ni treperim kao svetionik upaljen po prvi put<br \/>\nTi \u017emuri\u0161<br \/>\nAko ova no\u0107 oko nas samo uzdahne<br \/>\nto \u0107e biti previ\u0161e<\/p>\n<p align=\"center\"><strong>Ivana  Kne\u017eevi\u0107 <\/strong><\/p>\n","protected":false},"excerpt":{"rendered":"<p>\u0160apu\u0107em besmislena pitanja kad nas ostave same Najvi\u0161e sebi Sve je ovo ve\u0107 vi\u0111eno, ali nikad ne\u0107e biti kao tvoja ruka na mojim le\u0111ima Du\u017einom prstiju meri\u0161 \u010dija je glad ko\u017ee ve\u0107a Primitivno i matematika, dragi moj Izme\u0111u struka i zakrivljenog prostora kukova le\u017ee potopljena plodna pirin\u010dana polja Tu su, uronjeni u mo\u0161us i monsunske &hellip; <a href=\"https:\/\/www.tragovi.com\/poezija\/2008\/05\/01\/primitivno-i-matematika\/\" class=\"more-link\">Continue reading <span class=\"screen-reader-text\">Primitivno i matematika<\/span><\/a><\/p>\n","protected":false},"author":3,"featured_media":0,"comment_status":"open","ping_status":"open","sticky":false,"template":"","format":"standard","meta":[],"categories":[5],"tags":[12],"_links":{"self":[{"href":"https:\/\/www.tragovi.com\/poezija\/wp-json\/wp\/v2\/posts\/124"}],"collection":[{"href":"https:\/\/www.tragovi.com\/poezija\/wp-json\/wp\/v2\/posts"}],"about":[{"href":"https:\/\/www.tragovi.com\/poezija\/wp-json\/wp\/v2\/types\/post"}],"author":[{"embeddable":true,"href":"https:\/\/www.tragovi.com\/poezija\/wp-json\/wp\/v2\/users\/3"}],"replies":[{"embeddable":true,"href":"https:\/\/www.tragovi.com\/poezija\/wp-json\/wp\/v2\/comments?post=124"}],"version-history":[{"count":1,"href":"https:\/\/www.tragovi.com\/poezija\/wp-json\/wp\/v2\/posts\/124\/revisions"}],"predecessor-version":[{"id":369,"href":"https:\/\/www.tragovi.com\/poezija\/wp-json\/wp\/v2\/posts\/124\/revisions\/369"}],"wp:attachment":[{"href":"https:\/\/www.tragovi.com\/poezija\/wp-json\/wp\/v2\/media?parent=124"}],"wp:term":[{"taxonomy":"category","embeddable":true,"href":"https:\/\/www.tragovi.com\/poezija\/wp-json\/wp\/v2\/categories?post=124"},{"taxonomy":"post_tag","embeddable":true,"href":"https:\/\/www.tragovi.com\/poezija\/wp-json\/wp\/v2\/tags?post=124"}],"curies":[{"name":"wp","href":"https:\/\/api.w.org\/{rel}","templated":true}]}}